{"id":934,"date":"2023-02-16T07:33:16","date_gmt":"2023-02-16T07:33:16","guid":{"rendered":"https:\/\/www.czechbankingnews.cz\/?p=934"},"modified":"2023-02-16T09:39:14","modified_gmt":"2023-02-16T09:39:14","slug":"air-bank-hlasi-zmeny-v-predstavenstvu-a-dozorci-rade","status":"publish","type":"post","link":"https:\/\/www.czechbankingnews.cz\/?p=934","title":{"rendered":"Air Bank: zm\u011bny v p\u0159edstavenstvu a dozor\u010d\u00ed rad\u011b"},"content":{"rendered":"<p><strong>Nov\u00fdmi \u010dleny p\u0159edstavenstva Air Bank jsou Karel Hor\u00e1k, \u0159editel divize P\u00e9\u010de o klienty, a Martin Pop\u00edk, \u0159editel divize \u0158\u00edzen\u00ed rizik. Zam\u011bstnanci Air Bank si jako svou z\u00e1stupkyni v t\u0159\u00ed\u010dlenn\u00e9 dozor\u010d\u00ed rad\u011b zvolili Martinu \u0160afa\u0159\u00edkovou, rovn\u011b\u017e z divize \u0158\u00edzen\u00ed rizik.<\/strong><\/p>\n<p><!--more--><\/p>\n<p><img loading=\"lazy\" decoding=\"async\" class=\"alignnone size-medium wp-image-936\" src=\"http:\/\/www.czechbankingnews.cz\/wp-content\/uploads\/2023\/02\/Karel-Horak_Air-Bank-1-200x300.jpg\" alt=\"\" width=\"200\" height=\"300\" srcset=\"https:\/\/www.czechbankingnews.cz\/wp-content\/uploads\/2023\/02\/Karel-Horak_Air-Bank-1-200x300.jpg 200w, https:\/\/www.czechbankingnews.cz\/wp-content\/uploads\/2023\/02\/Karel-Horak_Air-Bank-1.jpg 418w\" sizes=\"auto, (max-width: 200px) 100vw, 200px\" \/><\/p>\n<p><strong>Karel Hor\u00e1k<\/strong> p\u016fsob\u00ed v Air Bank jako \u0159editel divize P\u00e9\u010de o klienty a je zodpov\u011bdn\u00fd za \u0159\u00edzen\u00ed klientsk\u00e9ho portfolia a\u00a0obchodn\u00edch proces\u016f, v\u010detn\u011b pobo\u010dkov\u00e9 s\u00edt\u011b a kontaktn\u00edho centra.<\/p>\n<p><img loading=\"lazy\" decoding=\"async\" class=\"alignnone size-medium wp-image-937\" src=\"http:\/\/www.czechbankingnews.cz\/wp-content\/uploads\/2023\/02\/Martin-Popik_Air-Bank-200x300.jpg\" alt=\"\" width=\"200\" height=\"300\" srcset=\"https:\/\/www.czechbankingnews.cz\/wp-content\/uploads\/2023\/02\/Martin-Popik_Air-Bank-200x300.jpg 200w, https:\/\/www.czechbankingnews.cz\/wp-content\/uploads\/2023\/02\/Martin-Popik_Air-Bank.jpg 418w\" sizes=\"auto, (max-width: 200px) 100vw, 200px\" \/><\/p>\n<p><strong>Martin Pop\u00edk <\/strong>m\u00e1 v Air Bank jako \u0159editel divize \u0158\u00edzen\u00ed rizik na starosti retailov\u00e1, komer\u010dn\u00ed, opera\u010dn\u00ed a tr\u017en\u00ed rizika.<\/p>\n<p><strong><u>Nov\u00e9 \u010dty\u0159\u010dlenn\u00e9 p\u0159edstavenstvo Air Bank:<\/u><\/strong> P\u0159edsedou p\u0159edstavenstva je Michal Strcula (gener\u00e1ln\u00ed \u0159editel Air Bank), dal\u0161\u00edmi \u010dleny p\u0159edstavenstva jsou Pavel Pfauser (\u0159editel divize Finance), Karel Hor\u00e1k (\u0159editel divize P\u00e9\u010de o klienty) a Martin Pop\u00edk (\u0159editel divize \u0158\u00edzen\u00ed rizik).<\/p>\n<p><img loading=\"lazy\" decoding=\"async\" class=\"alignnone size-medium wp-image-938\" src=\"http:\/\/www.czechbankingnews.cz\/wp-content\/uploads\/2023\/02\/Martina-Safarikova_Air-Bank-200x300.jpg\" alt=\"\" width=\"200\" height=\"300\" srcset=\"https:\/\/www.czechbankingnews.cz\/wp-content\/uploads\/2023\/02\/Martina-Safarikova_Air-Bank-200x300.jpg 200w, https:\/\/www.czechbankingnews.cz\/wp-content\/uploads\/2023\/02\/Martina-Safarikova_Air-Bank.jpg 418w\" sizes=\"auto, (max-width: 200px) 100vw, 200px\" \/><\/p>\n<p><strong>Martina \u0160afa\u0159\u00edkov\u00e1 <\/strong>p\u016fsob\u00ed v Air Bank tak\u00e9 jako vedouc\u00ed odd\u011blen\u00ed podpory klientsk\u00fdch proces\u016f. Do jej\u00ed gesce tak vedle schvalov\u00e1n\u00ed \u00fav\u011br\u016f a hypot\u00e9k spadaj\u00ed nap\u0159\u00edklad tak\u00e9 riskov\u00e9 procesy, spr\u00e1va pohled\u00e1vek nebo sou\u010dinnost s extern\u00edmi subjekty. V dozor\u010d\u00ed rad\u011b banky zased\u00e1 spole\u010dn\u011b s jej\u00edmi dv\u011bma st\u00e1vaj\u00edc\u00edmi \u010dleny Radkem Pluha\u0159em a tak\u00e9 Pavlem Rozehnalem, kter\u00fd v dozor\u010d\u00ed rad\u011b zast\u00e1v\u00e1 pozici p\u0159edsedy.<\/p>\n","protected":false},"excerpt":{"rendered":"<div class=\"mh-excerpt\"><p>Nov\u00fdmi \u010dleny p\u0159edstavenstva Air Bank jsou Karel Hor\u00e1k, \u0159editel divize P\u00e9\u010de o klienty, a Martin Pop\u00edk, \u0159editel divize \u0158\u00edzen\u00ed rizik. Zam\u011bstnanci Air Bank si jako <a class=\"mh-excerpt-more\" href=\"https:\/\/www.czechbankingnews.cz\/?p=934\" title=\"Air Bank: zm\u011bny v p\u0159edstavenstvu a dozor\u010d\u00ed rad\u011b\">[&#8230;]<\/a><\/p>\n<\/div>","protected":false},"author":2,"featured_media":935,"comment_status":"open","ping_status":"open","sticky":false,"template":"","format":"standard","meta":{"footnotes":""},"categories":[4],"tags":[],"class_list":["post-934","post","type-post","status-publish","format-standard","has-post-thumbnail","hentry","category-banky"],"_links":{"self":[{"href":"https:\/\/www.czechbankingnews.cz\/index.php?rest_route=\/wp\/v2\/posts\/934","targetHints":{"allow":["GET"]}}],"collection":[{"href":"https:\/\/www.czechbankingnews.cz\/index.php?rest_route=\/wp\/v2\/posts"}],"about":[{"href":"https:\/\/www.czechbankingnews.cz\/index.php?rest_route=\/wp\/v2\/types\/post"}],"author":[{"embeddable":true,"href":"https:\/\/www.czechbankingnews.cz\/index.php?rest_route=\/wp\/v2\/users\/2"}],"replies":[{"embeddable":true,"href":"https:\/\/www.czechbankingnews.cz\/index.php?rest_route=%2Fwp%2Fv2%2Fcomments&post=934"}],"version-history":[{"count":2,"href":"https:\/\/www.czechbankingnews.cz\/index.php?rest_route=\/wp\/v2\/posts\/934\/revisions"}],"predecessor-version":[{"id":944,"href":"https:\/\/www.czechbankingnews.cz\/index.php?rest_route=\/wp\/v2\/posts\/934\/revisions\/944"}],"wp:featuredmedia":[{"embeddable":true,"href":"https:\/\/www.czechbankingnews.cz\/index.php?rest_route=\/wp\/v2\/media\/935"}],"wp:attachment":[{"href":"https:\/\/www.czechbankingnews.cz\/index.php?rest_route=%2Fwp%2Fv2%2Fmedia&parent=934"}],"wp:term":[{"taxonomy":"category","embeddable":true,"href":"https:\/\/www.czechbankingnews.cz\/index.php?rest_route=%2Fwp%2Fv2%2Fcategories&post=934"},{"taxonomy":"post_tag","embeddable":true,"href":"https:\/\/www.czechbankingnews.cz\/index.php?rest_route=%2Fwp%2Fv2%2Ftags&post=934"}],"curies":[{"name":"wp","href":"https:\/\/api.w.org\/{rel}","templated":true}]}}