{"id":857,"date":"2023-02-06T09:22:59","date_gmt":"2023-02-06T09:22:59","guid":{"rendered":"https:\/\/www.czechbankingnews.cz\/?p=857"},"modified":"2023-02-06T09:23:40","modified_gmt":"2023-02-06T09:23:40","slug":"apra-volila-vykonnou-radu","status":"publish","type":"post","link":"https:\/\/www.czechbankingnews.cz\/?p=857","title":{"rendered":"APRA volila v\u00fdkonnou radu"},"content":{"rendered":"<p><strong>Tuzemsk\u00e1\u00a0<a href=\"https:\/\/www.mediar.cz\/tema\/apra\/\">Asociace public relations (APRA)<\/a> si ve \u010dtvrtek 2. \u00fanora na sv\u00e9m gener\u00e1ln\u00edm shrom\u00e1\u017ed\u011bn\u00ed zvolila novou v\u00fdkonnou radu. Sedmi\u010dlenn\u00e9 v\u00fdkonn\u00e9 rad\u011b bude p\u0159\u00ed\u0161t\u00ed dva roky p\u0159edsedat nov\u00fd \u0161\u00e9f.<\/strong><!--more--><\/p>\n<p><strong>Radek Mar\u0161\u00edk<\/strong>\u00a0z\u00a0agentury\u00a0<a href=\"https:\/\/www.mediar.cz\/tema\/fleishmanhillard\/\">FleishmanHillard<\/a>, krom\u011b n\u011bj v\u00a0rad\u011b pokra\u010duj\u00ed\u00a0<strong>Petr Lesensk\u00fd<\/strong>\u00a0(Lesensky.cz) a\u00a0<strong>Rostislav Star\u00fd<\/strong>\u00a0(Konektor), kter\u00e9 nov\u011b dopl\u0148uj\u00ed\u00a0<strong>Anna Bal\u00ed\u010dkov\u00e1<\/strong>\u00a0(Grayling Czech Republic),\u00a0<strong>Jan Kl\u00edma<\/strong>\u00a0(AC&amp;C Public Relations),\u00a0<strong>Michal R\u016f\u017ei\u010dka<\/strong>\u00a0(Stance Communications) a\u00a0<strong>Ond\u0159ej Tesa\u0159<\/strong>\u00a0(Epic PR).<\/p>\n<p>P\u0159evoleny byly tak\u00e9 etick\u00e1 a\u00a0sm\u00edr\u010d\u00ed komise a\u00a0revizn\u00ed rada asociace. Tu obsazuj\u00ed\u00a0<strong>Vladim\u00edr Bystrov<\/strong>\u00a0(Bison &amp;\u00a0Rose),\u00a0<strong>Dita Stejskalov\u00e1<\/strong>\u00a0(Ogilvy Public Relations),\u00a0<strong>Pavel Nov\u00e1k<\/strong>\u00a0(AMI Communications),\u00a0<strong>Marek Pra\u017e\u00e1k<\/strong>\u00a0(Svengali) a\u00a0<strong>Pavl\u00edna Rieslov\u00e1<\/strong>\u00a0(Ewing PR).<\/p>\n<p>Slo\u017een\u00ed revizn\u00ed rady z\u016fst\u00e1v\u00e1 na dal\u0161\u00ed dva roky nem\u011bnn\u00e9, \u010dleny jsou i\u00a0nad\u00e1le\u00a0<strong>Jaroslav Duro\u0148<\/strong>\u00a0(PR.Konektor),\u00a0<strong>Martin Fr\u00fddl<\/strong>\u00a0(AC&amp;C Public Relations) a\u00a0<strong>Jan Ku\u010dm\u00e1\u0161<\/strong>\u00a0(AMI Communications).<\/p>\n<p>APRA moment\u00e1ln\u011b zahrnuje 24 \u010dlen\u016f z\u00a0\u0159ad agentur a\u00a015 p\u0159idru\u017een\u00fdch \u010dlen\u016f. Prim\u00e1rn\u00edm c\u00edlem asociace z\u016fst\u00e1v\u00e1 kultivace oboru PR, prosazov\u00e1n\u00ed nejlep\u0161\u00ed praxe a\u00a0vytv\u00e1\u0159en\u00ed platforem k\u00a0profesn\u00ed diskusi a\u00a0vzd\u011bl\u00e1v\u00e1n\u00ed.<\/p>\n<p>\u201eAPRA vstupuje do leto\u0161n\u00edho roku v\u00a0historicky nejsiln\u011bj\u0161\u00ed sestav\u011b s\u00a0t\u00e9m\u011b\u0159 \u010dty\u0159iceti \u010dleny z\u00a0\u0159ad agentur i\u00a0firem,\u201c uvedl nov\u00fd p\u0159edseda APRA Mar\u0161\u00edk, kter\u00fd ve veden\u00ed asociace nahrazuje\u00a0<strong>Patrika Schobera<\/strong>\u00a0<a href=\"https:\/\/www.mediar.cz\/predsedou-apra-znovu-zvolen-schober-z-pramu\/\">po dvou dvoulet\u00fdch funk\u010dn\u00edch obdob\u00edch<\/a>.<\/p>\n<p>\u201eSpole\u010dn\u011b s\u00a0kolegy ve v\u00fdkonn\u00e9 rad\u011b jsme dok\u00e1zali asociaci finan\u010dn\u011b stabilizovat a\u00a0rekordn\u011b roz\u0161\u00ed\u0159it jej\u00ed \u010dlenskou z\u00e1kladnu,\u201c doplnil Schober. \u201eNov\u00e1 v\u00fdkonn\u00e1 rada bude d\u00e1le rozv\u00edjet kl\u00ed\u010dov\u00e9 projekty, jako je Lemur, PRCA nebo PR Summit. V\u00a0posledn\u00edch dvou letech jsme se v\u00fdrazn\u011bji zapojovali do ve\u0159ejn\u00fdch diskus\u00ed a\u00a0t\u00e9mat, kter\u00e9 formuj\u00ed na\u0161e odv\u011btv\u00ed, a\u00a0v tom budeme tak\u00e9 pokra\u010dovat. D\u00e1le chceme pos\u00edlit na\u0161e vzd\u011bl\u00e1vac\u00ed projekty, nov\u011b chyst\u00e1me onlinov\u00fd kurz pro nov\u00e9 PR profesion\u00e1ly, a\u00a0jako sektor pot\u0159ebujeme z\u016fstat atraktivn\u00ed nejen pro mlad\u00e9 talenty, co\u017e je tak\u00e9 jedn\u00edm z\u00a0na\u0161ich c\u00edl\u016f,\u201c uvedl Mar\u0161\u00edk.<\/p>\n<p>Zdroj: Mediar.cz<\/p>\n","protected":false},"excerpt":{"rendered":"<div class=\"mh-excerpt\"><p>Tuzemsk\u00e1\u00a0Asociace public relations (APRA) si ve \u010dtvrtek 2. \u00fanora na sv\u00e9m gener\u00e1ln\u00edm shrom\u00e1\u017ed\u011bn\u00ed zvolila novou v\u00fdkonnou radu. Sedmi\u010dlenn\u00e9 v\u00fdkonn\u00e9 rad\u011b bude p\u0159\u00ed\u0161t\u00ed dva roky p\u0159edsedat <a class=\"mh-excerpt-more\" href=\"https:\/\/www.czechbankingnews.cz\/?p=857\" title=\"APRA volila v\u00fdkonnou radu\">[&#8230;]<\/a><\/p>\n<\/div>","protected":false},"author":1,"featured_media":858,"comment_status":"open","ping_status":"open","sticky":false,"template":"","format":"standard","meta":{"footnotes":""},"categories":[22],"tags":[],"class_list":["post-857","post","type-post","status-publish","format-standard","has-post-thumbnail","hentry","category-pr"],"_links":{"self":[{"href":"https:\/\/www.czechbankingnews.cz\/index.php?rest_route=\/wp\/v2\/posts\/857","targetHints":{"allow":["GET"]}}],"collection":[{"href":"https:\/\/www.czechbankingnews.cz\/index.php?rest_route=\/wp\/v2\/posts"}],"about":[{"href":"https:\/\/www.czechbankingnews.cz\/index.php?rest_route=\/wp\/v2\/types\/post"}],"author":[{"embeddable":true,"href":"https:\/\/www.czechbankingnews.cz\/index.php?rest_route=\/wp\/v2\/users\/1"}],"replies":[{"embeddable":true,"href":"https:\/\/www.czechbankingnews.cz\/index.php?rest_route=%2Fwp%2Fv2%2Fcomments&post=857"}],"version-history":[{"count":3,"href":"https:\/\/www.czechbankingnews.cz\/index.php?rest_route=\/wp\/v2\/posts\/857\/revisions"}],"predecessor-version":[{"id":861,"href":"https:\/\/www.czechbankingnews.cz\/index.php?rest_route=\/wp\/v2\/posts\/857\/revisions\/861"}],"wp:featuredmedia":[{"embeddable":true,"href":"https:\/\/www.czechbankingnews.cz\/index.php?rest_route=\/wp\/v2\/media\/858"}],"wp:attachment":[{"href":"https:\/\/www.czechbankingnews.cz\/index.php?rest_route=%2Fwp%2Fv2%2Fmedia&parent=857"}],"wp:term":[{"taxonomy":"category","embeddable":true,"href":"https:\/\/www.czechbankingnews.cz\/index.php?rest_route=%2Fwp%2Fv2%2Fcategories&post=857"},{"taxonomy":"post_tag","embeddable":true,"href":"https:\/\/www.czechbankingnews.cz\/index.php?rest_route=%2Fwp%2Fv2%2Ftags&post=857"}],"curies":[{"name":"wp","href":"https:\/\/api.w.org\/{rel}","templated":true}]}}