{"id":2039,"date":"2023-10-02T17:13:45","date_gmt":"2023-10-02T17:13:45","guid":{"rendered":"https:\/\/www.czechbankingnews.cz\/?p=2039"},"modified":"2023-10-02T17:16:43","modified_gmt":"2023-10-02T17:16:43","slug":"2039","status":"publish","type":"post","link":"https:\/\/www.czechbankingnews.cz\/?p=2039","title":{"rendered":"Rakousko vybralo Embraer do sv\u00e9ho letectva"},"content":{"rendered":"<p><strong>Rakousk\u00e9 ministerstvo obrany ozn\u00e1milo rozhodnut\u00ed vybrat letoun C-390 Millennium jako nov\u00e9 taktick\u00e9 dopravn\u00ed \u0159e\u0161en\u00ed. Spole\u010dnost Embraer je poct\u011bna, \u017ee si Rakousko pro podporu vzdu\u0161n\u00fdch sil vybralo pr\u00e1v\u011b ji.<\/strong><span style=\"font-weight: 400\">\u00a0<\/span><!--more--><\/p>\n<p><span style=\"font-weight: 400\">Rakousko se tak p\u0159ipoj\u00ed k dal\u0161\u00edm zem\u00edm, kter\u00e9 ji\u017e dnes v\u00edce\u00fa\u010delov\u00fd letoun C-390 Millenium, stroj, kter\u00fd velmi dynamicky m\u011bn\u00ed standardy taktick\u00e9 p\u0159epravy na sv\u011btov\u00e9m obrann\u00e9m trhu, pou\u017e\u00edvaj\u00ed. Jde o Braz\u00edlii, Portugalsko, Ma\u010farsko a Nizozemsko.<\/span><span style=\"font-weight: 400\">\u00a0<\/span><\/p>\n<p><span style=\"font-weight: 400\">Embraer poskytne maxim\u00e1ln\u00ed podporu rakousk\u00e9mu ministerstvu obrany a vzdu\u0161n\u00fdm sil\u00e1m, aby splnil n\u00e1ro\u010dn\u00e9 po\u017eadavky jejich akvizi\u010dn\u00edho procesu. Spole\u010dnost je p\u0159ipravena d\u00e1le posilovat vztahy s t\u00edmto st\u00e1tem.<\/span><span style=\"font-weight: 400\">\u00a0<\/span><\/p>\n<p><span style=\"font-weight: 400\">Letoun C-390 Millennium (a jeho konfigurace pro tankov\u00e1n\u00ed paliva za letu KC-390) p\u0159edstavuj\u00ed novou generaci v\u00edce\u00fa\u010delov\u00e9ho vojensk\u00e9ho transportn\u00edho letounu, kter\u00fd poskytuje bezkonkuren\u010dn\u00ed mobilitu, kapacitu pro p\u0159epravu n\u00e1kladu, mo\u017enost rychl\u00e9 rekonfigurace i zv\u00fd\u0161en\u00fd komfort. Jeho kl\u00ed\u010dovou v\u00fdhodou jsou \u00faspory, kter\u00e9 plynou z mo\u017enosti optim\u00e1ln\u011b \u0159\u00eddit provozn\u00ed n\u00e1klady b\u011bhem cel\u00e9ho \u017eivotn\u00edho cyklu letounu. KC-390 Millennium prokazuje sv\u00e9 schopnosti, spolehlivost a v\u00fdkonnost ji\u017e od prvn\u00ed dod\u00e1vky brazilsk\u00e9mu letectvu. To aktu\u00e1ln\u011b vyu\u017e\u00edv\u00e1 \u0161est letoun\u016f KC-390. V \u010dervnu 2022 ozn\u00e1milo nizozemsk\u00e9 ministerstvo obrany z\u00e1m\u011br nahradit letounem C-390 Millennium sou\u010dasnou flotilu C-130 Hercules. Embraer dod\u00e1 p\u011bt letoun\u016f C-390, u kter\u00fdch vyzdvihlo Nizozem\u00ed zejm\u00e9na v\u00fdkonnost a vyu\u017eitelnost letadla p\u0159i pln\u011bn\u00ed provozn\u00edch \u00fakol\u016f.<\/span><span style=\"font-weight: 400\">\u00a0<\/span><\/p>\n<p><span style=\"font-weight: 400\">Ozbrojen\u00e9 s\u00edly Portugalska a Ma\u010farska zah\u00e1j\u00ed operace s KC-390 v letech 2023 a 2024. Flotila obou zem\u00ed bude schopna prov\u00e1d\u011bt tankov\u00e1n\u00ed paliva za letu a bude pln\u011b kompatibiln\u00ed s ozbrojen\u00fdmi silami NATO, a to nejen hardwarov\u011b, ale tak\u00e9 z hlediska avioniky a komunikace. Flotila letoun\u016f pro Ma\u010farsko bude m\u00edt jako prvn\u00ed na sv\u011bt\u011b konfiguraci tzv. Intensive Care Unit, kter\u00e1 poskytne nezbytnou funkcionalitu pro prov\u00e1d\u011bn\u00ed humanit\u00e1rn\u00edch mis\u00ed.<\/span><\/p>\n<p><span style=\"font-weight: 400\">Na v\u00fdrob\u011b C-390 se pod\u00edl\u00ed i \u010desk\u00fd v\u00fdrobce letadel Aero Vodochody.<\/span><\/p>\n","protected":false},"excerpt":{"rendered":"<div class=\"mh-excerpt\"><p>Rakousk\u00e9 ministerstvo obrany ozn\u00e1milo rozhodnut\u00ed vybrat letoun C-390 Millennium jako nov\u00e9 taktick\u00e9 dopravn\u00ed \u0159e\u0161en\u00ed. Spole\u010dnost Embraer je poct\u011bna, \u017ee si Rakousko pro podporu vzdu\u0161n\u00fdch sil <a class=\"mh-excerpt-more\" href=\"https:\/\/www.czechbankingnews.cz\/?p=2039\" title=\"Rakousko vybralo Embraer do sv\u00e9ho letectva\">[&#8230;]<\/a><\/p>\n<\/div>","protected":false},"author":2,"featured_media":2040,"comment_status":"open","ping_status":"open","sticky":false,"template":"","format":"standard","meta":{"footnotes":""},"categories":[13],"tags":[],"class_list":["post-2039","post","type-post","status-publish","format-standard","has-post-thumbnail","hentry","category-export"],"_links":{"self":[{"href":"https:\/\/www.czechbankingnews.cz\/index.php?rest_route=\/wp\/v2\/posts\/2039","targetHints":{"allow":["GET"]}}],"collection":[{"href":"https:\/\/www.czechbankingnews.cz\/index.php?rest_route=\/wp\/v2\/posts"}],"about":[{"href":"https:\/\/www.czechbankingnews.cz\/index.php?rest_route=\/wp\/v2\/types\/post"}],"author":[{"embeddable":true,"href":"https:\/\/www.czechbankingnews.cz\/index.php?rest_route=\/wp\/v2\/users\/2"}],"replies":[{"embeddable":true,"href":"https:\/\/www.czechbankingnews.cz\/index.php?rest_route=%2Fwp%2Fv2%2Fcomments&post=2039"}],"version-history":[{"count":3,"href":"https:\/\/www.czechbankingnews.cz\/index.php?rest_route=\/wp\/v2\/posts\/2039\/revisions"}],"predecessor-version":[{"id":2043,"href":"https:\/\/www.czechbankingnews.cz\/index.php?rest_route=\/wp\/v2\/posts\/2039\/revisions\/2043"}],"wp:featuredmedia":[{"embeddable":true,"href":"https:\/\/www.czechbankingnews.cz\/index.php?rest_route=\/wp\/v2\/media\/2040"}],"wp:attachment":[{"href":"https:\/\/www.czechbankingnews.cz\/index.php?rest_route=%2Fwp%2Fv2%2Fmedia&parent=2039"}],"wp:term":[{"taxonomy":"category","embeddable":true,"href":"https:\/\/www.czechbankingnews.cz\/index.php?rest_route=%2Fwp%2Fv2%2Fcategories&post=2039"},{"taxonomy":"post_tag","embeddable":true,"href":"https:\/\/www.czechbankingnews.cz\/index.php?rest_route=%2Fwp%2Fv2%2Ftags&post=2039"}],"curies":[{"name":"wp","href":"https:\/\/api.w.org\/{rel}","templated":true}]}}