{"id":1607,"date":"2023-06-16T06:21:43","date_gmt":"2023-06-16T06:21:43","guid":{"rendered":"https:\/\/www.czechbankingnews.cz\/?p=1607"},"modified":"2023-06-16T06:21:43","modified_gmt":"2023-06-16T06:21:43","slug":"uniqa-pojistila-vystavu-o-baroku","status":"publish","type":"post","link":"https:\/\/www.czechbankingnews.cz\/?p=1607","title":{"rendered":"UNIQA pojistila v\u00fdstavu o baroku"},"content":{"rendered":"<p><strong>10. kv\u011btna 2023 se v n\u011bmeck\u00e9m \u0158ezn\u011b v Muzeu bavorsk\u00fdch d\u011bjin otev\u0159ela ve\u0159ejnosti \u010cesko-bavorsk\u00e1 zemsk\u00e1 v\u00fdstava s n\u00e1zvem Baroko! Bavorsko a \u010cechy, kterou spole\u010dn\u011b p\u0159ipravily N\u00e1rodn\u00ed muzeum a D\u016fm bavorsk\u00fdch d\u011bjin (HDBG).<\/strong><\/p>\n<p><strong><!--more--><\/strong><\/p>\n<p>P\u0159edm\u011bty z\u00a0\u010desk\u00fdch sb\u00edrek na t\u00e9to rozs\u00e1hl\u00e9 v\u00fdstav\u011b jsou poji\u0161t\u011bny v\u00a0UNIQA. Spole\u010dn\u00fd projekt v\u011bnovan\u00fd zrcadlen\u00ed kulturn\u00edch i spole\u010densk\u00fdch vazeb obou zem\u00ed v politicky komplikovan\u00e9 dob\u011b 17. a 18. stolet\u00ed je p\u0159ehl\u00eddkou dobov\u00fdch artefakt\u016f v p\u011bti tematick\u00fdch odd\u00edlech v souhrnn\u00e9 hodnot\u011b vy\u0161\u0161\u00edch des\u00edtek milion\u016f korun. V prosinci se v\u00fdstava p\u0159esune do Prahy, kde ji bude mo\u017en\u00e9 nav\u0161t\u00edvit v N\u00e1rodn\u00edm muzeu.<\/p>\n<p>Expozice reflektuje v\u00fdznamn\u00e9 ud\u00e1losti i po\u010diny v politicky vypjat\u00e9 dob\u011b 17. a 18. stolet\u00ed. Postihuje obdob\u00ed protihabsbursk\u00e9 revolty v \u010cech\u00e1ch a jej\u00ed konec v bitv\u011b na B\u00edl\u00e9 Ho\u0159e, t\u011b\u017ek\u00fd \u017eivot populace b\u011bhem t\u0159icetilet\u00e9 v\u00e1lky, ale rovn\u011b\u017e postupn\u00e9 pronik\u00e1n\u00ed barokn\u00edho slohu do lok\u00e1ln\u00ed architektury, ok\u00e1zal\u00e9 stavby a prom\u011bnu krajiny i m\u011bst nebo pomp\u00e9zn\u00ed \u017eivotn\u00ed styl tehdej\u0161\u00edch elit v kontrastu s b\u00eddou b\u011b\u017en\u00fdch lid\u00ed a nekon\u010d\u00edc\u00ed v\u00e1le\u010dnou rivalitou. Bavorsk\u00e9 v\u00e9vodstv\u00ed a \u010cesk\u00e9 kr\u00e1lovstv\u00ed proch\u00e1zej\u00ed touto paradoxn\u00ed dobou chudoby a str\u00e1d\u00e1n\u00ed na stran\u011b jedn\u00e9, a kulturn\u00edho vzep\u011bt\u00ed a \u00fa\u017easn\u00fdch um\u011bleck\u00fdch d\u011bl na stran\u011b druh\u00e9, ka\u017ed\u00e9 v jin\u00e9 \u201ckondici\u201d: Bavo\u0159i pro\u017e\u00edvaj\u00ed \u00e9ru mocensk\u00e9ho rozmachu, \u010ce\u0161i naopak pob\u011blohorsk\u00e9 trauma.<strong><br \/>\n<\/strong><\/p>\n<p><em>\u201eBarokn\u00ed epocha Bavorsku i \u010cech\u00e1m p\u0159inesla mnoh\u00e9 spole\u010dn\u00e9 prvky, kontakty a podn\u011bty. Na tom nic nem\u011bn\u00ed skute\u010dnost, \u017ee na n\u011bkter\u00e9 historick\u00e9 ud\u00e1losti maj\u00ed ob\u011b strany r\u016fzn\u00fd pohled.<\/em> <em>Naopak, tato skute\u010dnost prop\u016fj\u010duje na\u0161\u00ed v\u00fdstav\u011b dynamiku. V\u011bci spole\u010dn\u00e9, nad\u010dasov\u00e1 kr\u00e1sa um\u011bleck\u00fdch d\u011bl a v\u00fdjime\u010dn\u00e9 expon\u00e1ty d\u00e1vaj\u00ed v\u00fdstav\u011b celistvost a harmonii. Rozd\u00edln\u00e9 historick\u00e9 pohledy a zku\u0161enosti pak p\u0159in\u00e1\u0161ej\u00ed jist\u00e9 nap\u011bt\u00ed, otev\u00edraj\u00ed prostor pro diskusi a umo\u017e\u0148uj\u00ed pod\u00edvat se na v\u011bci z nadhledu. V\u00fdstava tak dost\u00e1v\u00e1 vskutku evropsk\u00fd rozm\u011br a je nejv\u00fdznamn\u011bj\u0161\u00edm mezin\u00e1rodn\u00edm projektem N\u00e1rodn\u00edho muzea v leto\u0161n\u00edm roce,\u201c<\/em>\u00a0komentoval ud\u00e1lost gener\u00e1ln\u00ed \u0159editel N\u00e1rodn\u00edho muzea Michal Luke\u0161.<\/p>\n<p>Na kone\u010dn\u00e9 podob\u011b v\u00fdstavy se pod\u00edleli zap\u016fj\u010ditel\u00e9 sb\u00edrek z \u010ceska, N\u011bmecka, Rakouska a Holandska. Vedle na\u0161ich velk\u00fdch sb\u00edrkov\u00fdch instituc\u00ed, jako je N\u00e1rodn\u00ed muzeum, N\u00e1rodn\u00ed pam\u00e1tkov\u00fd \u00fastav, N\u00e1rodn\u00ed galerie v Praze, Um\u011bleckopr\u016fmyslov\u00e9 muzeum v Praze, Arcibiskupstv\u00ed pra\u017esk\u00e9 nebo Spr\u00e1va Pra\u017esk\u00e9ho hradu se zde objevuj\u00ed p\u0159edm\u011bty rozeset\u00e9 ve vlastnictv\u00ed men\u0161\u00edch organizac\u00ed, m\u011bst, far a soukrom\u00fdch vlastn\u00edk\u016f. Podobn\u011b vypad\u00e1 i pr\u016f\u0159ez zahrani\u010dn\u00edmi p\u016fj\u010diteli. V\u00fdstava p\u0159edstavuje celkem 180 sb\u00edrkov\u00fdch p\u0159edm\u011bt\u016f, z toho 82 poch\u00e1z\u00ed z tuzemska a 25 z fond\u016f N\u00e1rodn\u00edho muzea.<\/p>\n<p><strong>Poji\u0161t\u011bn\u00ed v\u00fdstavy<\/strong><\/p>\n<p>Pojistn\u00edkem je N\u00e1rodn\u00ed muzeum, poji\u0161t\u011bny jsou p\u0159edm\u011bty um\u011bleck\u00e9 a sb\u011bratelsk\u00e9 hodnoty ve prosp\u011bch jejich vlastn\u00edk\u016f.<\/p>\n<p>Doba trv\u00e1n\u00ed poji\u0161t\u011bn\u00e9 v\u00fdstavy je od 8. kv\u011btna 2023 do 3. \u0159\u00edjna 2023 ve v\u00fdstavn\u00edch prostor\u00e1ch Haus der Bayerischen Geschichte (Muzeum bavorsk\u00fdch d\u011bjin) v\u00a0Regensburgu (SRN) a od 7. prosince 2024 do 8. kv\u011btna 2024 v\u00a0prostor\u00e1ch N\u00e1rodn\u00edho muzea v\u00a0Praze. M\u00edsty poji\u0161t\u011bn\u00ed jsou vedle budov s\u00a0expozicemi uveden\u00fdch instituc\u00ed rovn\u011b\u017e jejich depozit\u00e1\u0159e. Celkov\u00e1 doba poji\u0161t\u011bn\u00ed v\u010detn\u011b svoz\u016f a ulo\u017een\u00ed v\u00a0depozit\u00e1\u0159\u00edch trv\u00e1 od 3. dubna 2023 do 31. kv\u011btna 2024.<\/p>\n<p>Poji\u0161t\u011bn\u00ed je sjednan\u00e9 s\u00a0pojistnou ochranou \u201ez h\u0159eb\u00edku na h\u0159eb\u00edk\u201c. Znamen\u00e1 to, \u017ee UNIQA poskytla poji\u0161t\u011bn\u00ed pro p\u0159epravu expon\u00e1t\u016f od vlastn\u00edk\u016f na m\u00edsto v\u00fdstavy a zp\u011bt k nim, a d\u00e1le pojistn\u00e9 kryt\u00ed ve v\u00fdstavn\u00edch prostor\u00e1ch a v\u00a0depozit\u00e1\u0159\u00edch v \u010cesk\u00e9 republice a ve Spolkov\u00e9 republice N\u011bmecko podle p\u0159edem dohodnut\u00e9ho \u010dasov\u00e9ho harmonogramu.<\/p>\n<p>Poji\u0161t\u011bn\u00ed kryje \u0161kody na p\u0159edm\u011btech poji\u0161t\u011bn\u00ed jakoukoli nahodilou \u0161kodn\u00ed ud\u00e1lost\u00ed v\u00a0dob\u011b p\u0159epravy, \u00fakon\u016f s\u00a0n\u00ed souvisej\u00edc\u00edch, nakl\u00e1dky a vykl\u00e1dky, a d\u00e1le b\u011bhem v\u00fdstavy v\u010detn\u011b instalace, deinstalace a \u00fakon\u016f souvisej\u00edc\u00edch, p\u0159\u00edpadn\u011b b\u011bhem uskladn\u011bn\u00ed v\u00a0depozit\u00e1\u0159\u00edch.<\/p>\n<p>P\u0159i ka\u017ed\u00e9 p\u0159ej\u00edmce jsou p\u0159edm\u011bty poji\u0161t\u011bn\u00ed podrobov\u00e1ny fyzick\u00e9 kontrole a jejich stav mus\u00ed b\u00fdt zaps\u00e1n do protokolu o stavu d\u00edla.<\/p>\n<p>Pojistn\u00e1 \u010d\u00e1stka je ur\u010dena na vy\u0161\u0161\u00ed des\u00edtky milion\u016f korun, p\u0159i\u010dem\u017e p\u0159edstavuje horn\u00ed hranic\u00ed p\u0159\u00edpadn\u00e9ho pln\u011bn\u00ed UNIQA za pojistn\u00e9 ud\u00e1losti nastal\u00e9 b\u011bhem trv\u00e1n\u00ed poji\u0161t\u011bn\u00ed. Pojistn\u00e9 za celou dobu poji\u0161t\u011bn\u00ed \u010din\u00ed n\u011bkolik stovek tis\u00edc korun.<\/p>\n<p>Jednotliv\u00e9 expon\u00e1ty maj\u00ed p\u0159ev\u00e1\u017en\u011b hodnotu ve v\u00fd\u0161i stovek tis\u00edc korun nebo jednotek milion\u016f korun. K\u00a0nejcenn\u011bj\u0161\u00edm pat\u0159\u00ed nap\u0159\u00edklad obraz nezn\u00e1m\u00e9ho autora z\u00a0poloviny 17. stolet\u00ed Poprava \u010desk\u00fdch p\u00e1n\u016f na Starom\u011bstsk\u00e9m n\u00e1m\u011bst\u00ed, model hlavn\u00edho olt\u00e1\u0159e cisterci\u00e1ck\u00e9ho kl\u00e1\u0161tera Zlat\u00e1 koruna z\u00a0roku 1772, obraz Karla \u0160kr\u00e9ty z\u00a0roku 1647 Svat\u00fd Karel Boromejsk\u00fd nav\u0161t\u011bvuje nemocn\u00e9 morem v\u00a0mil\u00e1nsk\u00e9m \u0161pit\u00e1le nebo d\u0159ev\u011bn\u00fd model monstrance z\u00a0kostela v Plasech od nezn\u00e1m\u00e9ho \u0159ezb\u00e1\u0159e z\u00a018. stolet\u00ed, p\u0159\u00edpadn\u011b socha Kalv\u00e1rie z\u00a0Piaristick\u00e9 koleje v\u00a0Praze od M.B. Brauna z\u00a0doby okolo 1730.<\/p>\n<p>Krom\u011b t\u011bchto velkolep\u00fdch d\u011bl ov\u0161em expozici reprezentuj\u00ed i \u201evelk\u00e9 mali\u010dkosti\u201c z\u00a0b\u011b\u017en\u00e9ho \u017eivota bohat\u00e9 \u0161lechty, jako jsou d\u00e1msk\u00e9 st\u0159ev\u00edce pota\u017een\u00e9 hedv\u00e1b\u00edm, listov\u00fd skl\u00e1dac\u00ed v\u011bj\u00ed\u0159 s\u00a0loveckou sc\u00e9nou, d\u00e1msk\u00e1 kabelka s\u00a0vy\u0161it\u00fdm letopo\u010dtem 1754 a monogramem nebo d\u00e1msk\u00e1 \u0161n\u011brova\u010dka, medaile a medailony, barokn\u00ed kytara z\u00a0roku 1650 \u010di m\u00edsa se svat\u00fdm Markem \u2013 mistrovsk\u00e1 kov\u00e1\u0159sk\u00e1 pr\u00e1ce z\u00a0p\u0159elomu 16. 17. stolet\u00ed a mnoho dal\u0161\u00edch.<\/p>\n<p><em>\u201eTato rozmanitost vystavovan\u00fdch d\u011bl pro n\u00e1s na jedn\u00e9 stran\u011b proces poji\u0161\u0165ov\u00e1n\u00ed komplikovala, proto\u017ee vy\u017eadovala v\u0161estrannou erudici a d\u016fkladn\u00e9 posuzov\u00e1n\u00ed ze strany mnoha odborn\u00edk\u016f. Na druhou stranu to byla pr\u00e1ce nesm\u00edrn\u011b zaj\u00edmav\u00e1 a obohacuj\u00edc\u00ed. Uk\u00e1zala, \u017ee UNIQA je schopna poskytnout pojistnou ochranu i pro komplex velmi r\u016fznorod\u00fdch p\u0159edm\u011bt\u016f, u nich\u017e je nav\u00edc slo\u017eit\u00e1 logistika p\u0159i jejich svozech na v\u00fdstavu konanou ve dvou lokalit\u00e1ch po sob\u011b,\u201c <\/em>komentovala pr\u00e1ci poji\u0161\u0165ovny Martina Pl\u00edhalov\u00e1 Vr\u0161eck\u00e1, mana\u017eerka Multinational and Facultative Risks UNIQA.<\/p>\n<p>&nbsp;<\/p>\n<p><strong>\u00a0<\/strong><\/p>\n","protected":false},"excerpt":{"rendered":"<div class=\"mh-excerpt\"><p>10. kv\u011btna 2023 se v n\u011bmeck\u00e9m \u0158ezn\u011b v Muzeu bavorsk\u00fdch d\u011bjin otev\u0159ela ve\u0159ejnosti \u010cesko-bavorsk\u00e1 zemsk\u00e1 v\u00fdstava s n\u00e1zvem Baroko! Bavorsko a \u010cechy, kterou spole\u010dn\u011b p\u0159ipravily <a class=\"mh-excerpt-more\" href=\"https:\/\/www.czechbankingnews.cz\/?p=1607\" title=\"UNIQA pojistila v\u00fdstavu o baroku\">[&#8230;]<\/a><\/p>\n<\/div>","protected":false},"author":2,"featured_media":1608,"comment_status":"open","ping_status":"open","sticky":false,"template":"","format":"standard","meta":{"footnotes":""},"categories":[10],"tags":[],"class_list":["post-1607","post","type-post","status-publish","format-standard","has-post-thumbnail","hentry","category-pojistovny"],"_links":{"self":[{"href":"https:\/\/www.czechbankingnews.cz\/index.php?rest_route=\/wp\/v2\/posts\/1607","targetHints":{"allow":["GET"]}}],"collection":[{"href":"https:\/\/www.czechbankingnews.cz\/index.php?rest_route=\/wp\/v2\/posts"}],"about":[{"href":"https:\/\/www.czechbankingnews.cz\/index.php?rest_route=\/wp\/v2\/types\/post"}],"author":[{"embeddable":true,"href":"https:\/\/www.czechbankingnews.cz\/index.php?rest_route=\/wp\/v2\/users\/2"}],"replies":[{"embeddable":true,"href":"https:\/\/www.czechbankingnews.cz\/index.php?rest_route=%2Fwp%2Fv2%2Fcomments&post=1607"}],"version-history":[{"count":1,"href":"https:\/\/www.czechbankingnews.cz\/index.php?rest_route=\/wp\/v2\/posts\/1607\/revisions"}],"predecessor-version":[{"id":1609,"href":"https:\/\/www.czechbankingnews.cz\/index.php?rest_route=\/wp\/v2\/posts\/1607\/revisions\/1609"}],"wp:featuredmedia":[{"embeddable":true,"href":"https:\/\/www.czechbankingnews.cz\/index.php?rest_route=\/wp\/v2\/media\/1608"}],"wp:attachment":[{"href":"https:\/\/www.czechbankingnews.cz\/index.php?rest_route=%2Fwp%2Fv2%2Fmedia&parent=1607"}],"wp:term":[{"taxonomy":"category","embeddable":true,"href":"https:\/\/www.czechbankingnews.cz\/index.php?rest_route=%2Fwp%2Fv2%2Fcategories&post=1607"},{"taxonomy":"post_tag","embeddable":true,"href":"https:\/\/www.czechbankingnews.cz\/index.php?rest_route=%2Fwp%2Fv2%2Ftags&post=1607"}],"curies":[{"name":"wp","href":"https:\/\/api.w.org\/{rel}","templated":true}]}}