{"id":1604,"date":"2023-06-16T06:15:08","date_gmt":"2023-06-16T06:15:08","guid":{"rendered":"https:\/\/www.czechbankingnews.cz\/?p=1604"},"modified":"2023-06-16T06:15:08","modified_gmt":"2023-06-16T06:15:08","slug":"air-bank-generaci-z-laka-podnikani","status":"publish","type":"post","link":"https:\/\/www.czechbankingnews.cz\/?p=1604","title":{"rendered":"Air Bank: Generaci Z l\u00e1k\u00e1 podnik\u00e1n\u00ed"},"content":{"rendered":"<p><strong>Generaci Z l\u00e1k\u00e1 podnik\u00e1n\u00ed, ukazuj\u00ed data z Air Bank. T\u00e9m\u011b\u0159 \u010dtvrtinu jej\u00edch nov\u00fdch \u00fa\u010dt\u016f pro podnikatele si zalo\u017eili klienti ve v\u011bku od 18 do 30 let.<\/strong><\/p>\n<p><!--more--><\/p>\n<p>Air Bank po necel\u00e9m m\u011bs\u00edci od kv\u011btnov\u00e9ho p\u0159edstaven\u00ed nov\u00fdch slu\u017eeb pro podnikatele otev\u0159ela u\u017e p\u0159es 2 000 podnikatelsk\u00fdch \u00fa\u010dt\u016f. Zv\u00fd\u0161en\u00fd z\u00e1jem o n\u011b banka z\u00e1rove\u0148 zaznamenala mezi mlad\u00fdmi do 30 let, kte\u0159\u00ed si jich otev\u0159eli t\u00e9m\u011b\u0159 \u010dtvrtinu (23 %). Slu\u017eby Air Bank nav\u00edc v bezm\u00e1la t\u0159etin\u011b p\u0159\u00edpad\u016f vyu\u017e\u00edvaj\u00ed klienti, kte\u0159\u00ed si \u017eivnost zalo\u017eili b\u011bhem posledn\u00edho roku. Desetina klient\u016f banky m\u00e1 sv\u00e9 \u017eivnostensk\u00e9 opr\u00e1vn\u011bn\u00ed dokonce od leto\u0161ka, a se sv\u00fdm podnik\u00e1n\u00edm tedy teprve za\u010d\u00edn\u00e1.<\/p>\n<p><em>\u201eZ na\u0161ich v\u00fdzkum\u016f mezi mlad\u00fdmi v\u00edme, \u017ee od sv\u00e9 pr\u00e1ce cht\u011bj\u00ed hlavn\u011b to, aby jim d\u00e1vala smysl, dok\u00e1zala je obohatit, m\u011bli na ni vliv a mohli d\u011blat v\u011bci podle sebe. I z t\u011bchto d\u016fvod\u016f l\u00e1k\u00e1 \u0159adu z nich vlastn\u00ed podnik\u00e1n\u00ed, ve kter\u00e9m mohou uplatnit kreativitu a t\u0159eba i m\u011bnit za\u017eit\u00e9 po\u0159\u00e1dky m\u00edsto toho, aby fungovali v p\u0159edem nastaven\u00fdch mantinelech. Pro mnoh\u00e9 mlad\u00e9 lidi je dokonce smysl pr\u00e1ce d\u016fle\u017eit\u011bj\u0161\u00ed ne\u017e mzda. Uv\u011bdomuj\u00ed si, \u017ee pr\u00e1ce \u010dasto nep\u0159in\u00e1\u0161\u00ed uspokojen\u00ed t\u0159eba ani jejich rodi\u010d\u016fm, a pr\u00e1v\u011b tohle u sebe cht\u011bj\u00ed zm\u011bnit. I ostatn\u00ed \u017eivnostn\u00edci nicm\u00e9n\u011b ozna\u010duj\u00ed mo\u017enost b\u00fdt s\u00e1m sob\u011b p\u00e1nem a ovliv\u0148ovat vlastn\u00ed pracovn\u00ed dobu i v\u00fdd\u011blek za hlavn\u00ed p\u0159\u00ednosy podnik\u00e1n\u00ed,\u201c <\/em>\u0159\u00edk\u00e1 <strong>Petr \u0160m\u00edd<\/strong>, vedouc\u00ed odd\u011blen\u00ed V\u00fdzkum trhu Air Bank.<\/p>\n<p>Podnikatel\u00e9 si podle dubnov\u00e9ho pr\u016fzkumu pro Air Bank na sv\u00e9 \u010dinnosti chv\u00e1l\u00ed tak\u00e9 svobodu v rozhodov\u00e1n\u00ed, d\u00edky kter\u00e9 ne\u010dekaj\u00ed na schv\u00e1len\u00ed od \u0161\u00e9fa, flexibilitu m\u00edsta a stylu pr\u00e1ce nebo neomezen\u00fd potenci\u00e1l ve vlastn\u00edch n\u00e1padech a jejich realizaci. Na druhou stranu se v\u0161ak pot\u00fdkaj\u00ed tak\u00e9 se stresem kv\u016fli nejistot\u011b p\u0159\u00edjm\u016f nebo nedostatkem \u010dasu na sebe a sv\u00e9 bl\u00edzk\u00e9 a mnohdy se tak\u00e9 ob\u00e1vaj\u00ed r\u016fzn\u00fdch p\u0159edsudk\u016f ze strany okol\u00ed. Kdyby ale mohli vr\u00e1tit \u010das, do podnik\u00e1n\u00ed by se t\u00e9m\u011b\u0159 9 z 10 dot\u00e1zan\u00fdch pustilo znovu. T\u0159i \u010dtvrtiny z nich by tak\u00e9 podnik\u00e1n\u00ed doporu\u010dily i sv\u00fdm vlastn\u00edm d\u011btem.<\/p>\n<p>Kompletn\u00ed v\u00fdsledky pr\u016fzkumu, kter\u00fd pro Air Bank realizovala agentura IPSOS na reprezentativn\u00edch vzorc\u00edch 525 \u017eivnostn\u00edk\u016f a 525 zam\u011bstnanc\u016f ve v\u011bku od 18 do 65 let, jsou k dispozici <a href=\"https:\/\/www.airbank.cz\/novinky\/hodne-vydelavaji-neplati-dane-a-nevstavaji-do-prace-i-pres-stres-a-predsudky-okoli-by-90-podnikatelu-zacalo-podnikat-znovu-hlavne-kvuli-vlastni-svobode\/\">zde<\/a>.<\/p>\n","protected":false},"excerpt":{"rendered":"<div class=\"mh-excerpt\"><p>Generaci Z l\u00e1k\u00e1 podnik\u00e1n\u00ed, ukazuj\u00ed data z Air Bank. T\u00e9m\u011b\u0159 \u010dtvrtinu jej\u00edch nov\u00fdch \u00fa\u010dt\u016f pro podnikatele si zalo\u017eili klienti ve v\u011bku od 18 do 30 <a class=\"mh-excerpt-more\" href=\"https:\/\/www.czechbankingnews.cz\/?p=1604\" title=\"Air Bank: Generaci Z l\u00e1k\u00e1 podnik\u00e1n\u00ed\">[&#8230;]<\/a><\/p>\n<\/div>","protected":false},"author":2,"featured_media":1605,"comment_status":"open","ping_status":"open","sticky":false,"template":"","format":"standard","meta":{"footnotes":""},"categories":[4],"tags":[],"class_list":["post-1604","post","type-post","status-publish","format-standard","has-post-thumbnail","hentry","category-banky"],"_links":{"self":[{"href":"https:\/\/www.czechbankingnews.cz\/index.php?rest_route=\/wp\/v2\/posts\/1604","targetHints":{"allow":["GET"]}}],"collection":[{"href":"https:\/\/www.czechbankingnews.cz\/index.php?rest_route=\/wp\/v2\/posts"}],"about":[{"href":"https:\/\/www.czechbankingnews.cz\/index.php?rest_route=\/wp\/v2\/types\/post"}],"author":[{"embeddable":true,"href":"https:\/\/www.czechbankingnews.cz\/index.php?rest_route=\/wp\/v2\/users\/2"}],"replies":[{"embeddable":true,"href":"https:\/\/www.czechbankingnews.cz\/index.php?rest_route=%2Fwp%2Fv2%2Fcomments&post=1604"}],"version-history":[{"count":1,"href":"https:\/\/www.czechbankingnews.cz\/index.php?rest_route=\/wp\/v2\/posts\/1604\/revisions"}],"predecessor-version":[{"id":1606,"href":"https:\/\/www.czechbankingnews.cz\/index.php?rest_route=\/wp\/v2\/posts\/1604\/revisions\/1606"}],"wp:featuredmedia":[{"embeddable":true,"href":"https:\/\/www.czechbankingnews.cz\/index.php?rest_route=\/wp\/v2\/media\/1605"}],"wp:attachment":[{"href":"https:\/\/www.czechbankingnews.cz\/index.php?rest_route=%2Fwp%2Fv2%2Fmedia&parent=1604"}],"wp:term":[{"taxonomy":"category","embeddable":true,"href":"https:\/\/www.czechbankingnews.cz\/index.php?rest_route=%2Fwp%2Fv2%2Fcategories&post=1604"},{"taxonomy":"post_tag","embeddable":true,"href":"https:\/\/www.czechbankingnews.cz\/index.php?rest_route=%2Fwp%2Fv2%2Ftags&post=1604"}],"curies":[{"name":"wp","href":"https:\/\/api.w.org\/{rel}","templated":true}]}}