{"id":1557,"date":"2023-06-06T08:20:04","date_gmt":"2023-06-06T08:20:04","guid":{"rendered":"https:\/\/www.czechbankingnews.cz\/?p=1557"},"modified":"2023-06-06T08:20:04","modified_gmt":"2023-06-06T08:20:04","slug":"nova-viceprezidentka-v-dhl-supply-chain","status":"publish","type":"post","link":"https:\/\/www.czechbankingnews.cz\/?p=1557","title":{"rendered":"Nov\u00e1 viceprezidentka v DHL Supply Chain"},"content":{"rendered":"<div class=\"entry-content mh-clearfix\">\n<p class=\"v1MsoNormal\"><strong>Kate\u0159ina R\u00e1zlov\u00e1 byla po v\u00edce ne\u017e ro\u010dn\u00edm p\u016fsoben\u00ed na pozici \u0159editelky automobilov\u00e9 divize a transportu jmenov\u00e1na viceprezidentkou transportu pro st\u0159edn\u00ed a v\u00fdchodn\u00ed Evropu. Ve funkci vyst\u0159\u00edd\u00e1 Warrena Bodleyho, kter\u00fd se stane viceprezidentem pro dopravu v jihov\u00fdchodn\u00ed Asii (SEA).<\/strong><span id=\"more-52676\"><\/span><\/p>\n<p>Ve sv\u00e9 nov\u00e9 funkci bude p\u0159\u00edmo pod\u0159\u00edzena Orkunu Saruhanogluovi, gener\u00e1ln\u00edmu \u0159editeli DHL Supply Chain pro st\u0159edn\u00ed a v\u00fdchodn\u00ed Evropu.<\/p>\n<p class=\"v1MsoNormal\">\u201eM\u00fdm c\u00edlem na pozici \u0159editelky automobilov\u00e9 divize a transportu bylo v maxim\u00e1ln\u011b mo\u017en\u00e9 m\u00ed\u0159e vyu\u017e\u00edt synergie mezi transporty automobilov\u00e9ho a spot\u0159ebn\u00edho sektoru, realizovat projekty v oblasti digitalizace a konsolidace a hledat prostor pro \u0159e\u0161en\u00ed sni\u017euj\u00edc\u00ed emise. D\u00edky siln\u00e9mu a spolehliv\u00e9mu t\u00fdmu se n\u00e1m poda\u0159ilo c\u00edle splnit a dok\u00e1zat, \u017ee je tato cesta spr\u00e1vn\u00e1. R\u00e1da bych na\u0161e zku\u0161enosti vyu\u017eila i v ostatn\u00edch provozech st\u0159edn\u00ed a v\u00fdchodn\u00ed Evropy,\u201c vysv\u011btluje Kate\u0159ina R\u00e1zlov\u00e1.<\/p>\n<p>&nbsp;<\/p>\n<\/div>\n<p><!--more--><\/p>\n","protected":false},"excerpt":{"rendered":"<div class=\"mh-excerpt\"><p>Kate\u0159ina R\u00e1zlov\u00e1 byla po v\u00edce ne\u017e ro\u010dn\u00edm p\u016fsoben\u00ed na pozici \u0159editelky automobilov\u00e9 divize a transportu jmenov\u00e1na viceprezidentkou transportu pro st\u0159edn\u00ed a v\u00fdchodn\u00ed Evropu. Ve funkci <a class=\"mh-excerpt-more\" href=\"https:\/\/www.czechbankingnews.cz\/?p=1557\" title=\"Nov\u00e1 viceprezidentka v DHL Supply Chain\">[&#8230;]<\/a><\/p>\n<\/div>","protected":false},"author":1,"featured_media":1558,"comment_status":"open","ping_status":"open","sticky":false,"template":"","format":"standard","meta":{"footnotes":""},"categories":[11],"tags":[],"class_list":["post-1557","post","type-post","status-publish","format-standard","has-post-thumbnail","hentry","category-personalie"],"_links":{"self":[{"href":"https:\/\/www.czechbankingnews.cz\/index.php?rest_route=\/wp\/v2\/posts\/1557","targetHints":{"allow":["GET"]}}],"collection":[{"href":"https:\/\/www.czechbankingnews.cz\/index.php?rest_route=\/wp\/v2\/posts"}],"about":[{"href":"https:\/\/www.czechbankingnews.cz\/index.php?rest_route=\/wp\/v2\/types\/post"}],"author":[{"embeddable":true,"href":"https:\/\/www.czechbankingnews.cz\/index.php?rest_route=\/wp\/v2\/users\/1"}],"replies":[{"embeddable":true,"href":"https:\/\/www.czechbankingnews.cz\/index.php?rest_route=%2Fwp%2Fv2%2Fcomments&post=1557"}],"version-history":[{"count":2,"href":"https:\/\/www.czechbankingnews.cz\/index.php?rest_route=\/wp\/v2\/posts\/1557\/revisions"}],"predecessor-version":[{"id":1560,"href":"https:\/\/www.czechbankingnews.cz\/index.php?rest_route=\/wp\/v2\/posts\/1557\/revisions\/1560"}],"wp:featuredmedia":[{"embeddable":true,"href":"https:\/\/www.czechbankingnews.cz\/index.php?rest_route=\/wp\/v2\/media\/1558"}],"wp:attachment":[{"href":"https:\/\/www.czechbankingnews.cz\/index.php?rest_route=%2Fwp%2Fv2%2Fmedia&parent=1557"}],"wp:term":[{"taxonomy":"category","embeddable":true,"href":"https:\/\/www.czechbankingnews.cz\/index.php?rest_route=%2Fwp%2Fv2%2Fcategories&post=1557"},{"taxonomy":"post_tag","embeddable":true,"href":"https:\/\/www.czechbankingnews.cz\/index.php?rest_route=%2Fwp%2Fv2%2Ftags&post=1557"}],"curies":[{"name":"wp","href":"https:\/\/api.w.org\/{rel}","templated":true}]}}