{"id":1470,"date":"2023-05-19T05:17:04","date_gmt":"2023-05-19T05:17:04","guid":{"rendered":"https:\/\/www.czechbankingnews.cz\/?p=1470"},"modified":"2023-05-19T05:17:04","modified_gmt":"2023-05-19T05:17:04","slug":"ppf-zvysila-podil-v-nemecke-prosieben","status":"publish","type":"post","link":"https:\/\/www.czechbankingnews.cz\/?p=1470","title":{"rendered":"PPF zv\u00fd\u0161ila pod\u00edl v n\u011bmeck\u00e9 ProSieben"},"content":{"rendered":"<p><strong>Investi\u010dn\u00ed skupina PPF zv\u00fd\u0161ila pod\u00edl v n\u011bmeck\u00e9 medi\u00e1ln\u00ed spole\u010dnosti ProSiebenSat.1 Media na 13,1 %, a to ve form\u011b akci\u00ed a prost\u0159ednictv\u00edm dal\u0161\u00edch finan\u010dn\u00edch instrument\u016f.<\/strong><!--more--><\/p>\n<p><a href=\"https:\/\/www.reuters.com\/markets\/deals\/ppf-raises-stake-germanys-prosieben-131-2023-05-08\/\">Informovala o\u00a0tom agentura Reuters<\/a>\u00a0s\u00a0odvol\u00e1n\u00edm na dne\u0161n\u00ed pod\u00e1n\u00ed regul\u00e1torovi.\u00a0Skupina PPF, vlastn\u011bn\u00e1 rodinou zem\u0159el\u00e9ho\u00a0<strong>Petra Kellnera<\/strong>, byla u\u017e\u00a0<a href=\"https:\/\/www.mediar.cz\/ppf-ktera-vlastni-tv-nova-ziskala-minoritni-podil-v-nemecke-prosieben\/\">s\u00a0pod\u00edlem 9,1\u00a0%, kter\u00fd z\u00edskala v\u00a0\u00fanoru<\/a>, druh\u00fdm nejv\u011bt\u0161\u00edm akcion\u00e1\u0159em ProSiebenSat.1.\u00a0<a href=\"https:\/\/www.mediar.cz\/ppf-navysila-podil-v-prosiebensat-1-na-10-pct\/\">V\u00a0b\u0159eznu sv\u016fj pod\u00edl nav\u00fd\u0161ila na 10,1\u00a0%<\/a>, koncem dubna pak na 12\u00a0%.<\/p>\n<p>Nejv\u011bt\u0161\u00edm akcion\u00e1\u0159em ProSiebenSat.1 Media z\u016fst\u00e1v\u00e1 spole\u010dnost MediaForEurope (MFE) italsk\u00e9ho medi\u00e1ln\u00edho magn\u00e1ta a\u00a0politika\u00a0<strong>Silvia Berlusconiho<\/strong>, kter\u00e1 m\u011bla v\u00a0n\u011bmeck\u00e9 firm\u011b podle posledn\u00edch zpr\u00e1v z\u00a0b\u0159ezna pod\u00edl 29,9\u00a0%.<\/p>\n<p>ProSiebenSat.1 Media je nejv\u011bt\u0161\u00ed soukrom\u00e1 televizn\u00ed skupina v\u00a0N\u011bmecku. Provozuje voln\u011b p\u0159\u00edstupn\u00e9 komer\u010dn\u00ed televizn\u00ed kan\u00e1ly, placen\u00e9 televizn\u00ed kan\u00e1ly, rozhlasov\u00e9 stanice a\u00a0tiskov\u00e9 podniky. Hlavn\u00edm televizn\u00edm kan\u00e1lem skupiny je ProSieben (zkr\u00e1cen\u011b Pro 7), se s\u00eddlem v\u00a0Mnichov\u011b.<\/p>\n<p>Skupina PPF u\u017e v\u00a0m\u00e9di\u00edch vlastn\u00ed spole\u010dnost CME, pod kterou pat\u0159\u00ed v\u00a0\u010cesku televizn\u00ed skupina Nova. Pod CME celkem v\u00a0\u0161esti zem\u00edch st\u0159edn\u00ed a\u00a0v\u00fdchodn\u00ed Evropy spad\u00e1 celkem 33 televizn\u00edch stanic, v\u010detn\u011b zpoplatn\u011bn\u00fdch. Krom\u011b \u010ceska jsou to Slovensko, Slovinsko, Chorvatsko, Rumunsko a\u00a0Bulharsko.<\/p>\n","protected":false},"excerpt":{"rendered":"<div class=\"mh-excerpt\"><p>Investi\u010dn\u00ed skupina PPF zv\u00fd\u0161ila pod\u00edl v n\u011bmeck\u00e9 medi\u00e1ln\u00ed spole\u010dnosti ProSiebenSat.1 Media na 13,1 %, a to ve form\u011b akci\u00ed a prost\u0159ednictv\u00edm dal\u0161\u00edch finan\u010dn\u00edch instrument\u016f.<\/p>\n<\/div>","protected":false},"author":1,"featured_media":1472,"comment_status":"open","ping_status":"open","sticky":false,"template":"","format":"standard","meta":{"footnotes":""},"categories":[12],"tags":[],"class_list":["post-1470","post","type-post","status-publish","format-standard","has-post-thumbnail","hentry","category-investice"],"_links":{"self":[{"href":"https:\/\/www.czechbankingnews.cz\/index.php?rest_route=\/wp\/v2\/posts\/1470","targetHints":{"allow":["GET"]}}],"collection":[{"href":"https:\/\/www.czechbankingnews.cz\/index.php?rest_route=\/wp\/v2\/posts"}],"about":[{"href":"https:\/\/www.czechbankingnews.cz\/index.php?rest_route=\/wp\/v2\/types\/post"}],"author":[{"embeddable":true,"href":"https:\/\/www.czechbankingnews.cz\/index.php?rest_route=\/wp\/v2\/users\/1"}],"replies":[{"embeddable":true,"href":"https:\/\/www.czechbankingnews.cz\/index.php?rest_route=%2Fwp%2Fv2%2Fcomments&post=1470"}],"version-history":[{"count":1,"href":"https:\/\/www.czechbankingnews.cz\/index.php?rest_route=\/wp\/v2\/posts\/1470\/revisions"}],"predecessor-version":[{"id":1473,"href":"https:\/\/www.czechbankingnews.cz\/index.php?rest_route=\/wp\/v2\/posts\/1470\/revisions\/1473"}],"wp:featuredmedia":[{"embeddable":true,"href":"https:\/\/www.czechbankingnews.cz\/index.php?rest_route=\/wp\/v2\/media\/1472"}],"wp:attachment":[{"href":"https:\/\/www.czechbankingnews.cz\/index.php?rest_route=%2Fwp%2Fv2%2Fmedia&parent=1470"}],"wp:term":[{"taxonomy":"category","embeddable":true,"href":"https:\/\/www.czechbankingnews.cz\/index.php?rest_route=%2Fwp%2Fv2%2Fcategories&post=1470"},{"taxonomy":"post_tag","embeddable":true,"href":"https:\/\/www.czechbankingnews.cz\/index.php?rest_route=%2Fwp%2Fv2%2Ftags&post=1470"}],"curies":[{"name":"wp","href":"https:\/\/api.w.org\/{rel}","templated":true}]}}