{"id":1413,"date":"2023-05-11T07:17:37","date_gmt":"2023-05-11T07:17:37","guid":{"rendered":"https:\/\/www.czechbankingnews.cz\/?p=1413"},"modified":"2023-05-11T10:04:43","modified_gmt":"2023-05-11T10:04:43","slug":"prijdte-oslavit-prvni-narozeniny-navstevnickeho-centra-cnb","status":"publish","type":"post","link":"https:\/\/www.czechbankingnews.cz\/?p=1413","title":{"rendered":"N\u00e1v\u0161t\u011bvnick\u00e9 centrum \u010cNB slav\u00ed rok"},"content":{"rendered":"<p><strong>N\u00e1v\u0161t\u011bvnick\u00e9 centrum \u010cNB oslav\u00ed 20. kv\u011btna 2023 rok od sv\u00e9ho otev\u0159en\u00ed prvn\u00edm n\u00e1v\u0161t\u011bvn\u00edk\u016fm. Za tu dobu jich p\u0159iv\u00edtalo ji\u017e p\u0159es 60 000. Po cel\u00fd slavnostn\u00ed den od 9.00 do 17.00 bude p\u0159ipraven program pln\u00fd kreativn\u00edch aktivit. Z\u00e1bavu a pou\u010den\u00ed najde ka\u017ed\u00fd \u2013 od p\u0159ed\u0161koln\u00edch d\u011bt\u00ed po seniory. <\/strong><!--more--><\/p>\n<h4>Na co v\u0161echno se n\u00e1v\u0161t\u011bvn\u00edci m\u016f\u017eou t\u011b\u0161it?<\/h4>\n<p>V N\u00e1v\u0161t\u011bvnick\u00e9m centru \u010cNB se vydaj\u00ed na cestu za pozn\u00e1n\u00edm ve dvou st\u00e1l\u00fdch expozic\u00edch\u00a0<a href=\"https:\/\/nc.cnb.cz\/pub\/cs\/expozice\/za-menou-praha\/\"><em>Za M\u011bnou<\/em><\/a>\u00a0a\u00a0<a href=\"https:\/\/nc.cnb.cz\/pub\/cs\/expozice\/lide-a-penize-praha\/\"><em>Lid\u00e9 a pen\u00edze<\/em><\/a>\u00a0a nav\u0161t\u00edv\u00ed kr\u00e1tkodob\u00e9 v\u00fdstavy\u00a0<a href=\"https:\/\/www.cnb.cz\/cnb\/30_let_cnb_cz\/30.-vyroci-cnb-a-ceske-meny-vystava-v-navstevnickem-centru-cnb\/\"><em>Rozd\u011bleno! Vznik \u010desk\u00e9 a slovensk\u00e9 m\u011bny v\u00a0roce 1993<\/em><\/a>\u00a0k v\u00fdro\u010d\u00ed t\u0159iceti let od vzniku \u010desk\u00e9 koruny i v\u00fdstavu\u00a0<a href=\"https:\/\/nc.cnb.cz\/pub\/cs\/kratkodobe-vystavy\/Vystava-Zakladatele-ceskoslovenske-meny\/\"><em>Zakladatel\u00e9 \u010deskoslovensk\u00e9 m\u011bny<\/em><\/a><em>,\u00a0<\/em>p\u0159ipom\u00ednaj\u00edc\u00ed osobnosti a d\u00edlo Aloise Ra\u0161\u00edna a Karla Engli\u0161e<em>.\u00a0<\/em>Krom\u011b prohl\u00eddek expozic je budou \u010dekat i dal\u0161\u00ed aktivity, jako t\u0159eba kreativn\u00ed workshopy a sout\u011b\u017ee o ceny. A to nen\u00ed v\u0161e! Budou si moci zahr\u00e1t venkovn\u00ed \u00fanikovou hru a odhalit p\u0159i n\u00ed finan\u010dn\u00ed podvody. Slavnostn\u00edm dnem bude prov\u00e1zet\u00a0<a href=\"https:\/\/www.paveldolejska.cz\/\">kouzeln\u00edk Pavel Dolej\u0161ka<\/a>.<\/p>\n<h4>Vyhl\u00e1\u0161en\u00ed Ceny guvern\u00e9ra \u010cNB<\/h4>\n<p><strong>Guvern\u00e9r \u010cNB Ale\u0161 Michl p\u0159ed\u00e1 historicky prvn\u00ed ocen\u011bn\u00ed<\/strong>\u00a0za mimo\u0159\u00e1dn\u00fd p\u0159\u00ednos pro rozvoj finan\u010dn\u00ed a\u00a0ekonomick\u00e9 gramotnosti.<\/p>\n<p><em>\u201eCena guvern\u00e9ra m\u00e1 za c\u00edl ocenit, podpo\u0159it a propagovat tv\u016frce projekt\u016f, kter\u00e9 maj\u00ed z\u00e1sadn\u00ed v\u00fdznam pro rozvoj finan\u010dn\u00ed a ekonomick\u00e9 gramotnosti v\u00a0\u010cesk\u00e9 republice. \u010cNB se rozvoji finan\u010dn\u00ed a\u00a0ekonomick\u00e9 gramotnosti v\u011bnuje dlouhodob\u011b, sv\u00fdmi aktivitami se zam\u011b\u0159uje p\u0159edev\u0161\u00edm na \u017e\u00e1ky 2.\u00a0stupn\u011b z\u00e1kladn\u00edch \u0161kol, studenty st\u0159edn\u00edch \u0161kol a \u0161irokou ve\u0159ejnost.<\/em>\u00a0<em>Jsem r\u00e1d, \u017ee cenu p\u0159ed\u00e1me symbolicky pr\u00e1v\u011b v\u00a0den prvn\u00edch narozenin N\u00e1v\u0161t\u011bvnick\u00e9ho centra,\u201c<\/em>\u00a0\u0159ekl guvern\u00e9r Ale\u0161 Michl.<\/p>\n<h4>Autorsk\u00e1 komentovan\u00e1 prohl\u00eddka v\u00fdstavy Rozd\u011bleno! a p\u0159edn\u00e1\u0161ka k\u00a0historii budovy \u00fast\u0159ed\u00ed \u010cNB<\/h4>\n<p>Z\u00e1jemci o m\u011bnovou historii se b\u011bhem narozeninov\u00e9ho dne mohou t\u011b\u0161it na speci\u00e1ln\u00ed prohl\u00eddku v\u00fdstavy\u00a0<em>Rozd\u011bleno!<\/em>\u00a0<em>Vznik \u010desk\u00e9 a slovensk\u00e9 m\u011bny v roce 1993,<\/em>\u00a0kterou je provede autor v\u00fdstavy a\u00a0hlavn\u00ed archiv\u00e1\u0159 \u010cNB Jakub Kunert. B\u011bhem prohl\u00eddky bude vysv\u011btlena nejen takzvan\u00e1 m\u011bnov\u00e1 odluka, ale i d\u016fle\u017eit\u00e9 detaily rozd\u011blen\u00ed \u010cesk\u00e9 a Slovensk\u00e9 Federativn\u00ed Republiky. N\u00e1v\u0161t\u011bvn\u00edci se\u00a0dozv\u011bd\u00ed o vzniku \u010cesk\u00e9 n\u00e1rodn\u00ed banky a N\u00e1rodn\u00ed banky Slovenska, tehdej\u0161\u00ed roli St\u00e1tn\u00ed banky \u010deskoslovensk\u00e9 \u010di o p\u0159\u00edprav\u011b nov\u00fdch bankovek a minc\u00ed, jejich\u017e n\u00e1vrhy i fin\u00e1ln\u00ed podoba jsou na\u00a0v\u00fdstav\u011b tak\u00e9 k vid\u011bn\u00ed.<\/p>\n<p>Sou\u010d\u00e1sti oslav prvn\u00edch narozenin N\u00e1v\u0161t\u011bvnick\u00e9ho centra \u010cNB je i \u00fa\u010dast na doprovodn\u00e9m programu festivalu\u00a0<a href=\"https:\/\/www.openhousepraha.cz\/festival-2023\/doprovodny-program\/\">Open House Praha<\/a>. V\u00a0narozeninov\u00e9m t\u00fddnu, konkr\u00e9tn\u011b 18. kv\u011btna, prob\u011bhne v\u00a0r\u00e1mci festivalu p\u0159edn\u00e1\u0161ka k\u00a0historii hlavn\u00ed budovy \u010cNB. Z\u00e1jemce o architekturu sezn\u00e1m\u00ed s\u00a0m\u00e1lo zn\u00e1m\u00fdmi detaily s\u00eddla p\u016fvodn\u00ed \u017divnostensk\u00e9 banky a z\u00e1rove\u0148 budou m\u00edt unik\u00e1tn\u00ed mo\u017enost prohl\u00e9dnout si\u00a0cenn\u00e9 archivn\u00ed dokumenty a fotografie. Poutavou histori\u00ed je op\u011bt provede Jakub Kunert.<\/p>\n<h4>Den otev\u0159en\u00fdch dve\u0159\u00ed Expozice \u010cNB v Brn\u011b<\/h4>\n<p>V\u00a0sobotu 20. kv\u011btna n\u00e1v\u0161t\u011bvn\u00edci mohou tak\u00e9 od 18.00 do 23.00 nav\u0161t\u00edvit brn\u011bnskou expozici, kter\u00e1 se otev\u0159e v r\u00e1mci Brn\u011bnsk\u00e9 muzejn\u00ed noci. Vedle prohl\u00eddky expozice\u00a0<a href=\"https:\/\/nc.cnb.cz\/pub\/cs\/expozice\/lide-a-penize-brno\/\"><em>Lid\u00e9 a pen\u00edze<\/em><\/a>\u00a0a v\u00fdstavy d\u011bl Ji\u0159\u00edho Harcuby\u00a0<em>Kr\u00e1sa ve skle a kovu<\/em>\u00a0zde bude tak\u00e9 p\u0159ipraven rozmanit\u00fd doprovodn\u00fd program.<\/p>\n<p>Podrobn\u00e9 informace sledujte na webu\u00a0<a href=\"https:\/\/nc.cnb.cz\/\">nc.cnb.cz<\/a>\u00a0a na soci\u00e1ln\u00edch s\u00edt\u00edch.<\/p>\n<div class=\"p-3 mb-3 border\">\n<h4>Narozeniny NC v\u00a0kostce<\/h4>\n<p><strong>Co:<\/strong>\u00a0Slavnostn\u00ed narozeninov\u00fd den N\u00e1v\u0161t\u011bvnick\u00e9ho centra \u010cNB pro ve\u0159ejnost<br \/>\n<strong>Kdy:<\/strong>\u00a0Sobota 20. kv\u011btna 2023, 9.00\u201317.00<br \/>\n<strong>Kde:<\/strong>\u00a0\u010cesk\u00e1 n\u00e1rodn\u00ed banka, Na P\u0159\u00edkop\u011b 28, Praha 1<\/p>\n<p><strong>Program:<\/strong><\/p>\n<ul>\n<li><strong>Prohl\u00eddka expozic<\/strong>\u00a0\u2013 \u00a0Z<em>a m\u011bnou<\/em>\u00a0\u2013 interaktivn\u00ed expozice v\u00a0prostor\u00e1ch bankovn\u00ed haly (prezentace sou\u010dasn\u00e9 role centr\u00e1ln\u00ed banky),\u00a0<em>Lid\u00e9 a pen\u00edze<\/em>\u00a0\u2013 expozice v\u00a0prostor\u00e1ch p\u016fvodn\u00edho trezoru (historie pen\u011bz a centr\u00e1ln\u00edho bankovnictv\u00ed) a kr\u00e1tkodob\u00fdch v\u00fdstav\u00a0<em>Rozd\u011bleno! Vznik \u010desk\u00e9 a slovensk\u00e9 m\u011bny v roce 1993<\/em>\u00a0a\u00a0<em>Zakladatel\u00e9 \u010deskoslovensk\u00e9 m\u011bny<\/em><\/li>\n<li><strong>Vyhl\u00e1\u0161en\u00ed Ceny guvern\u00e9ra \u010cNB<\/strong>\u00a0\u2013 ocen\u011bn\u00ed za mimo\u0159\u00e1dn\u00fd p\u0159\u00ednos pro rozvoj finan\u010dn\u00ed a\u00a0ekonomick\u00e9 gramotnosti<\/li>\n<li><strong>Autorsk\u00e1 komentovan\u00e1 prohl\u00eddka v\u00fdstavy\u00a0<em>Rozd\u011bleno! Vznik \u010desk\u00e9 a slovensk\u00e9 m\u011bny v roce 1993<\/em>\u00a0<\/strong>\u2013 v\u00fdstavou provede autor Jakub Kunert, hlavn\u00ed archiv\u00e1\u0159 \u010cNB<\/li>\n<li><strong>Celodenn\u00ed doprovodn\u00fd program<\/strong>\u00a0v\u00a0podob\u011b interaktivn\u00edch aktivit, kreativn\u00edch workshop\u016f a\u00a0sout\u011b\u017e\u00ed<\/li>\n<\/ul>\n<\/div>\n<h4>O N\u00e1v\u0161t\u011bvnick\u00e9m centru \u010cNB<\/h4>\n<p>N\u00e1v\u0161t\u011bvnick\u00e9 centrum je nejrozs\u00e1hlej\u0161\u00edm a z\u00e1rove\u0148 prvn\u00edm projektem sv\u00e9ho druhu v\u00a0\u010cesk\u00e9 republice. Na plo\u0161e t\u00e9m\u011b\u0159 2 000 m\u00b2 nab\u00edz\u00ed komplexn\u00ed informace o t\u00e9matech spojen\u00fdch s\u00a0centr\u00e1ln\u00ed bankou a ekonomikou. Lo\u0148sk\u00fdm otev\u0159en\u00edm nov\u00e9 interaktivn\u00ed expozice\u00a0<em>Za m\u011bnou<\/em>\u00a0a prost\u0159ednictv\u00edm kr\u00e1tkodob\u00fdch v\u00fdstav, workshop\u016f a \u0159ady edukativn\u00edch akc\u00ed a aktivit \u010cNB v\u00fdznamn\u011b roz\u0161\u00ed\u0159ila svou p\u016fsobnosti v\u00a0oblasti finan\u010dn\u00edho a ekonomick\u00e9ho vzd\u011bl\u00e1v\u00e1n\u00ed. Z\u00e1m\u011brem bylo vybudov\u00e1n\u00ed N\u00e1v\u0161t\u011bvnick\u00e9ho centra jako \u017eiv\u00e9ho a p\u0159\u00edv\u011btiv\u00e9ho m\u00edsta, kam se n\u00e1v\u0161t\u011bvn\u00edci v\u0161ech v\u011bkov\u00fdch skupin budou vracet za z\u00e1bavou a v\u011bdomostmi.<\/p>\n<p>V expozici\u00a0<strong><em>Za m\u011bnou<\/em><\/strong>\u00a0se n\u00e1v\u0161t\u011bvn\u00edci z\u00e1bavnou formou sezn\u00e1m\u00ed s\u00a0t\u00edm, co d\u011bl\u00e1 centr\u00e1ln\u00ed banka, jak\u00a0ovliv\u0148uje \u017eivot ka\u017ed\u00e9ho z\u00a0n\u00e1s, i to, jak j\u00ed pr\u00e1v\u011b my s\u00a0jej\u00edmi \u00fakoly m\u016f\u017eeme pomoci. Z\u00fa\u010dastn\u00ed se\u00a0jedn\u00e1n\u00ed bankovn\u00ed rady \u010cNB, p\u0159ipomenou si nejv\u00fdznamn\u011bj\u0161\u00ed miln\u00edky v\u00a0historii \u010desk\u00e9 a\u00a0\u010deskoslovensk\u00e9 koruny p\u0159i rozhovoru s dobov\u00fdmi bank\u00e9\u0159i nebo si vyzkou\u0161\u00ed sv\u00fdm rozhodov\u00e1n\u00edm o\u00a0nastaven\u00ed \u00farokov\u00fdch sazeb udr\u017eet inflaci na 2% c\u00edli. V\u00a0expozici\u00a0<strong><em>Lid\u00e9 a pen\u00edze<\/em><\/strong>\u00a0v\u00a0prostor\u00e1ch p\u016fvodn\u00edho trezoru se dozv\u011bd\u00ed v\u0161e o historii pen\u011bz a m\u011bnov\u00e9ho v\u00fdvoje. Pot\u011b\u017ekaj\u00ed si zlatou cihlu a\u00a0prohl\u00e9dnou si unik\u00e1tn\u00ed zlatou minci nomin\u00e1ln\u00ed hodnoty 100 000 000 K\u010d, kter\u00e1 v\u00e1\u017e\u00ed p\u0159es 130 kg.<\/p>\n<p>&nbsp;<\/p>\n","protected":false},"excerpt":{"rendered":"<div class=\"mh-excerpt\"><p>N\u00e1v\u0161t\u011bvnick\u00e9 centrum \u010cNB oslav\u00ed 20. kv\u011btna 2023 rok od sv\u00e9ho otev\u0159en\u00ed prvn\u00edm n\u00e1v\u0161t\u011bvn\u00edk\u016fm. Za tu dobu jich p\u0159iv\u00edtalo ji\u017e p\u0159es 60 000. Po cel\u00fd slavnostn\u00ed <a class=\"mh-excerpt-more\" href=\"https:\/\/www.czechbankingnews.cz\/?p=1413\" title=\"N\u00e1v\u0161t\u011bvnick\u00e9 centrum \u010cNB slav\u00ed rok\">[&#8230;]<\/a><\/p>\n<\/div>","protected":false},"author":2,"featured_media":54,"comment_status":"open","ping_status":"open","sticky":false,"template":"","format":"standard","meta":{"footnotes":""},"categories":[4,7],"tags":[],"class_list":["post-1413","post","type-post","status-publish","format-standard","has-post-thumbnail","hentry","category-banky","category-eventy"],"_links":{"self":[{"href":"https:\/\/www.czechbankingnews.cz\/index.php?rest_route=\/wp\/v2\/posts\/1413","targetHints":{"allow":["GET"]}}],"collection":[{"href":"https:\/\/www.czechbankingnews.cz\/index.php?rest_route=\/wp\/v2\/posts"}],"about":[{"href":"https:\/\/www.czechbankingnews.cz\/index.php?rest_route=\/wp\/v2\/types\/post"}],"author":[{"embeddable":true,"href":"https:\/\/www.czechbankingnews.cz\/index.php?rest_route=\/wp\/v2\/users\/2"}],"replies":[{"embeddable":true,"href":"https:\/\/www.czechbankingnews.cz\/index.php?rest_route=%2Fwp%2Fv2%2Fcomments&post=1413"}],"version-history":[{"count":4,"href":"https:\/\/www.czechbankingnews.cz\/index.php?rest_route=\/wp\/v2\/posts\/1413\/revisions"}],"predecessor-version":[{"id":1422,"href":"https:\/\/www.czechbankingnews.cz\/index.php?rest_route=\/wp\/v2\/posts\/1413\/revisions\/1422"}],"wp:featuredmedia":[{"embeddable":true,"href":"https:\/\/www.czechbankingnews.cz\/index.php?rest_route=\/wp\/v2\/media\/54"}],"wp:attachment":[{"href":"https:\/\/www.czechbankingnews.cz\/index.php?rest_route=%2Fwp%2Fv2%2Fmedia&parent=1413"}],"wp:term":[{"taxonomy":"category","embeddable":true,"href":"https:\/\/www.czechbankingnews.cz\/index.php?rest_route=%2Fwp%2Fv2%2Fcategories&post=1413"},{"taxonomy":"post_tag","embeddable":true,"href":"https:\/\/www.czechbankingnews.cz\/index.php?rest_route=%2Fwp%2Fv2%2Ftags&post=1413"}],"curies":[{"name":"wp","href":"https:\/\/api.w.org\/{rel}","templated":true}]}}