{"id":1072,"date":"2023-03-07T10:08:09","date_gmt":"2023-03-07T10:08:09","guid":{"rendered":"https:\/\/www.czechbankingnews.cz\/?p=1072"},"modified":"2023-03-07T11:47:10","modified_gmt":"2023-03-07T11:47:10","slug":"zruseni-nekterych-danovych-slev-dopadne-na-vetsinu-obyvatel","status":"publish","type":"post","link":"https:\/\/www.czechbankingnews.cz\/?p=1072","title":{"rendered":"Zru\u0161en\u00ed da\u0148ov\u00fdch slev dopadne na v\u011bt\u0161inu obyvatel"},"content":{"rendered":"<p><strong>Ministr financ\u00ed Zbyn\u011bk Stanjura o v\u00edkendu prohl\u00e1sil, \u017ee chce zru\u0161it dal\u0161\u00ed da\u0148ovou \u00falevu. Jedn\u00e1 se o zru\u0161en\u00ed da\u0148ov\u00e9ho zv\u00fdhodn\u011bn\u00ed odborov\u00fdch p\u0159\u00edsp\u011bvk\u016f. Vl\u00e1da se p\u0159itom u\u017e d\u0159\u00edve nechala sly\u0161et, \u017ee uva\u017euje o \u0161krtu n\u011bkter\u00fdch slev vztahuj\u00edc\u00edch se k dani z p\u0159\u00edjmu. P<\/strong><strong>odle ministra financ\u00ed jsou v\u0161echny da\u0148ov\u00e9 slevy, kter\u00e9 by cht\u011bl zru\u0161it, \u201eze sv\u00e9 podstaty nesyst\u00e9mov\u00e9 a komplikuj\u00ed \u010di zat\u011b\u017euj\u00ed da\u0148ov\u00fd syst\u00e9m\u201c.\u00a0 <\/strong><!--more--><\/p>\n<p>Krom\u011b ji\u017e navrhovan\u00e9ho se\u0161krt\u00e1n\u00ed n\u011bkter\u00fdch slev na dani, p\u0159i\u0161el ministr financ\u00ed se zru\u0161en\u00edm dal\u0161\u00ed da\u0148ov\u00e9 v\u00fdjimky, a to zv\u00fdhodn\u011bn\u00ed odborov\u00fdch p\u0159\u00edsp\u011bvk\u016f.<\/p>\n<p>Da\u0148ov\u00e9 zv\u00fdhodn\u011bn\u00ed odborov\u00fdch p\u0159\u00edsp\u011bvk\u016f spo\u010d\u00edv\u00e1 v\u00a0tom, \u017ee od z\u00e1kladu dan\u011b lze ode\u010d\u00edst zaplacen\u00e9 \u010dlensk\u00e9 p\u0159\u00edsp\u011bvky \u010dlena odborov\u00e9 organizace. Takto je mo\u017en\u00e9 ode\u010d\u00edst \u010d\u00e1stku do v\u00fd\u0161e 1,5 % zdaniteln\u00fdch p\u0159\u00edjm\u016f, s v\u00fdjimkou p\u0159\u00edjm\u016f zdan\u011bn\u00fdch sr\u00e1\u017ekou podle zvl\u00e1\u0161tn\u00ed sazby dan\u011b, maxim\u00e1ln\u011b v\u0161ak do v\u00fd\u0161e 3\u00a0000 K\u010d za zda\u0148ovac\u00ed obdob\u00ed.<\/p>\n<p>\u201e<em>Zru\u0161en\u00ed da\u0148ov\u00e9ho zv\u00fdhodn\u011bn\u00ed odborov\u00fdch p\u0159\u00edsp\u011bvk\u016f by se m\u011blo dotknout p\u0159ibli\u017en\u011b p\u016fl milionu da\u0148ov\u00fdch poplatn\u00edk\u016f, p\u0159i\u010dem\u017e bude m\u00edt za n\u00e1sledek zv\u00fd\u0161en\u00ed da\u0148ov\u00e9ho zat\u00ed\u017een\u00ed t\u011bchto osob. Tento n\u00e1vrh p\u0159ich\u00e1z\u00ed kr\u00e1tce pot\u00e9, co vl\u00e1da navrhla zru\u0161en\u00ed n\u011bkter\u00fdch slev na dani, p\u0159itom v\u0161echny budou m\u00edt prim\u00e1rn\u011b negativn\u00ed dopad na osoby s\u00a0ni\u017e\u0161\u00edmi p\u0159\u00edjmy,<\/em>\u201c uv\u00e1d\u00ed Michal Jel\u00ednek, partner V4 Group.<\/p>\n<p><strong>Zru\u0161en\u00ed n\u011bkter\u00fdch da\u0148ov\u00fdch slev bude m\u00edt vliv i na pau\u0161\u00e1ln\u00ed da\u0148<\/strong><\/p>\n<p>Vl\u00e1da uva\u017euje nad t\u00edm, \u017ee n\u011bkter\u00e9 slevy uplat\u0148ovan\u00e9 v\u00a0dan\u00edch z\u00a0p\u0159\u00edjm\u016f zru\u0161\u00ed. T\u00fdk\u00e1 se to nap\u0159\u00edklad slevy na nepracuj\u00edc\u00ed man\u017eelku nebo man\u017eela, \u0161kolkovn\u00e9ho a dal\u0161\u00edch da\u0148ov\u00fdch \u00falev. Se\u0161krt\u00e1n\u00ed slev by se m\u011blo t\u00fdkat dokonce deseti nebo jeden\u00e1cti z\u00a0nich.<\/p>\n<p>\u201e<em>Rozhodnut\u00ed o zru\u0161en\u00ed zm\u00edn\u011bn\u00fdch slev by m\u011blo dopad p\u0159edev\u0161\u00edm na rodiny s\u00a0d\u011btmi a mimo jin\u00e9 na \u017eivnostn\u00edky. Zvl\u00e1\u0161\u0165 na ty podnikatele, kte\u0159\u00ed se se budou rozhodovat mezi v\u00fddajov\u00fdm pau\u0161\u00e1lem a pau\u0161\u00e1ln\u00ed dan\u00ed<\/em>,\u201c uv\u00e1d\u00ed Michal Jel\u00ednek z V4 Group.<\/p>\n<p>\u201e<em>P\u0159i vyu\u017eit\u00ed pau\u0161\u00e1ln\u00ed dan\u011b nen\u00ed mo\u017en\u00e9 uplatnit \u017e\u00e1dnou slevu na dani, co\u017e ovliv\u0148uje rozhodov\u00e1n\u00ed mnoh\u00fdch \u017eivnostn\u00edk\u016f, zda pau\u0161\u00e1ln\u00ed da\u0148 vyu\u017e\u00edt \u010di nikoliv. Pokud opravdu dojde ke zru\u0161en\u00ed n\u011bkter\u00fdch slev na dani z\u00a0p\u0159\u00edjmu, vyplat\u00ed se p\u0159\u00ed\u0161t\u00ed rok pau\u0161\u00e1ln\u00ed da\u0148 mnohem v\u00edce podnikatel\u016fm. Pro rok 2023 mnoho \u017eivnostn\u00edk\u016f zva\u017eovalo, zdali se jim vyplat\u00ed vstoupit do re\u017eimu pau\u0161\u00e1ln\u00ed dan\u011b. \u010c\u00edm v\u00edce slev na dani mohli uplatnit, t\u00edm m\u00e9n\u011b pro n\u011b byla pau\u0161\u00e1ln\u00ed da\u0148 v\u00fdhodn\u00e1. To by se m\u011blo od p\u0159\u00ed\u0161t\u00edho roku zm\u011bnit,\u201c <\/em>komentuje situaci Michal Jel\u00ednek.<\/p>\n<p><em>\u201eKrom\u011b toho zru\u0161en\u00ed slev na dani p\u0159edstavuje efektivn\u00ed sn\u00ed\u017een\u00ed progrese da\u0148ov\u00e9ho syst\u00e9mu. To ve sv\u00e9m d\u016fsledku znamen\u00e1, \u017ee se pom\u011brn\u011b zv\u00fd\u0161\u00ed da\u0148ov\u00e9 zat\u00ed\u017een\u00ed n\u00edzko a st\u0159edn\u011b p\u0159\u00edjmov\u00fdch obyvatel na \u00fakor bohat\u00fdch,\u201c dopl\u0148uje Jel\u00ednek. <\/em><\/p>\n<p>&nbsp;<\/p>\n<p>&nbsp;<\/p>\n","protected":false},"excerpt":{"rendered":"<div class=\"mh-excerpt\"><p>Ministr financ\u00ed Zbyn\u011bk Stanjura o v\u00edkendu prohl\u00e1sil, \u017ee chce zru\u0161it dal\u0161\u00ed da\u0148ovou \u00falevu. Jedn\u00e1 se o zru\u0161en\u00ed da\u0148ov\u00e9ho zv\u00fdhodn\u011bn\u00ed odborov\u00fdch p\u0159\u00edsp\u011bvk\u016f. Vl\u00e1da se p\u0159itom u\u017e <a class=\"mh-excerpt-more\" href=\"https:\/\/www.czechbankingnews.cz\/?p=1072\" title=\"Zru\u0161en\u00ed da\u0148ov\u00fdch slev dopadne na v\u011bt\u0161inu obyvatel\">[&#8230;]<\/a><\/p>\n<\/div>","protected":false},"author":2,"featured_media":1073,"comment_status":"open","ping_status":"open","sticky":false,"template":"","format":"standard","meta":{"footnotes":""},"categories":[18],"tags":[],"class_list":["post-1072","post","type-post","status-publish","format-standard","has-post-thumbnail","hentry","category-legislativa"],"_links":{"self":[{"href":"https:\/\/www.czechbankingnews.cz\/index.php?rest_route=\/wp\/v2\/posts\/1072","targetHints":{"allow":["GET"]}}],"collection":[{"href":"https:\/\/www.czechbankingnews.cz\/index.php?rest_route=\/wp\/v2\/posts"}],"about":[{"href":"https:\/\/www.czechbankingnews.cz\/index.php?rest_route=\/wp\/v2\/types\/post"}],"author":[{"embeddable":true,"href":"https:\/\/www.czechbankingnews.cz\/index.php?rest_route=\/wp\/v2\/users\/2"}],"replies":[{"embeddable":true,"href":"https:\/\/www.czechbankingnews.cz\/index.php?rest_route=%2Fwp%2Fv2%2Fcomments&post=1072"}],"version-history":[{"count":2,"href":"https:\/\/www.czechbankingnews.cz\/index.php?rest_route=\/wp\/v2\/posts\/1072\/revisions"}],"predecessor-version":[{"id":1082,"href":"https:\/\/www.czechbankingnews.cz\/index.php?rest_route=\/wp\/v2\/posts\/1072\/revisions\/1082"}],"wp:featuredmedia":[{"embeddable":true,"href":"https:\/\/www.czechbankingnews.cz\/index.php?rest_route=\/wp\/v2\/media\/1073"}],"wp:attachment":[{"href":"https:\/\/www.czechbankingnews.cz\/index.php?rest_route=%2Fwp%2Fv2%2Fmedia&parent=1072"}],"wp:term":[{"taxonomy":"category","embeddable":true,"href":"https:\/\/www.czechbankingnews.cz\/index.php?rest_route=%2Fwp%2Fv2%2Fcategories&post=1072"},{"taxonomy":"post_tag","embeddable":true,"href":"https:\/\/www.czechbankingnews.cz\/index.php?rest_route=%2Fwp%2Fv2%2Ftags&post=1072"}],"curies":[{"name":"wp","href":"https:\/\/api.w.org\/{rel}","templated":true}]}}